[{"@context":"https:\/\/schema.org\/","@type":"Article","@id":"https:\/\/www.labo-net.cz\/adventni-zajezd-do-polska\/#Article","mainEntityOfPage":"https:\/\/www.labo-net.cz\/adventni-zajezd-do-polska\/","headline":"Adventn\u00ed z\u00e1jezd do Polska","name":"Adventn\u00ed z\u00e1jezd do Polska","description":"Spousta cestovn\u00edch kancel\u00e1\u0159\u00ed nab\u00edz\u00ed p\u0159ed koncem roku adventn\u00ed z\u00e1jezdy, a proto jsme pro v\u00e1s vybrali jeden, kter\u00fd stoj\u00ed za to absolvovat. Nav\u0161t\u00edv\u00edte m\u011bsto Krakow, kde se psala historie polsk\u00e9ho kr\u00e1lovstv\u00ed a soln\u00e9 doly Wieliczka, kter\u00e9 v\u00e1s ohrom\u00ed svoj\u00ed v\u00fdjime\u010dnou zachovalost\u00ed, p\u0159esto\u017ee se zde za\u010dalo s dolov\u00e1n\u00edm soli ji\u017e p\u0159ed 700 lety. Soln\u00e9 doly Wieliczka Nach\u00e1z\u00ed [&hellip;]","datePublished":"2019-12-19","dateModified":"2023-06-09","author":{"@type":"Person","@id":"https:\/\/www.labo-net.cz\/author\/devene\/#Person","name":"devene","url":"https:\/\/www.labo-net.cz\/author\/devene\/","identifier":1,"image":{"@type":"ImageObject","@id":"https:\/\/secure.gravatar.com\/avatar\/418160ee289a2fec3674f670db35c39ff464fe73fac536520dac7def2cfdeb26?s=96&d=mm&r=g","url":"https:\/\/secure.gravatar.com\/avatar\/418160ee289a2fec3674f670db35c39ff464fe73fac536520dac7def2cfdeb26?s=96&d=mm&r=g","height":96,"width":96}},"publisher":{"@type":"Organization","name":"labo-net.cz","logo":{"@type":"ImageObject","@id":"\/logo.png","url":"\/logo.png","width":600,"height":60}},"image":{"@type":"ImageObject","@id":"https:\/\/www.labo-net.cz\/wp-content\/uploads\/img_a366008_w3243_t1578587500.jpg","url":"https:\/\/www.labo-net.cz\/wp-content\/uploads\/img_a366008_w3243_t1578587500.jpg","height":0,"width":0},"url":"https:\/\/www.labo-net.cz\/adventni-zajezd-do-polska\/","about":["Dovolen\u00e1"],"wordCount":574,"articleBody":"Spousta cestovn\u00edch kancel\u00e1\u0159\u00ed nab\u00edz\u00ed p\u0159ed koncem roku adventn\u00ed z\u00e1jezdy, a proto jsme pro v\u00e1s vybrali jeden, kter\u00fd stoj\u00ed za to absolvovat. Nav\u0161t\u00edv\u00edte m\u011bsto Krakow, kde se psala historie polsk\u00e9ho kr\u00e1lovstv\u00ed a soln\u00e9 doly Wieliczka, kter\u00e9 v\u00e1s ohrom\u00ed svoj\u00ed v\u00fdjime\u010dnou zachovalost\u00ed, p\u0159esto\u017ee se zde za\u010dalo s dolov\u00e1n\u00edm soli ji\u017e p\u0159ed 700 lety.   Soln\u00e9 doly Wieliczka   Nach\u00e1z\u00ed se nedaleko na\u0161ich hranic v ji\u017en\u00edm Polsku. T\u011b\u017eba soli zde za\u010dala ji\u017e ve 13. stolet\u00ed a ukon\u010dena byla na za\u010d\u00e1tku 21. stolet\u00ed z d\u016fvodu nerentabilnosti t\u011b\u017eby. K uzav\u0159en\u00ed p\u0159isp\u011blo tak\u00e9 vy\u010derp\u00e1n\u00ed kvalitn\u00edho zdroje soli. V dole je p\u0159\u00edjemn\u00e1 st\u00e1l\u00e1 ro\u010dn\u00ed teplota 14 \u2013 16 \u00b0C. Je zde p\u0159ibli\u017en\u011b 300 km chodeb, ale pro turisty je zp\u0159\u00edstupn\u011bno n\u011bco okolo 3 km. D\u016fl m\u00e1 n\u011bkolik pater, nejn\u00ed\u017ee polo\u017een\u00e9 patro je v hloubce 327 metr\u016f. Pro turisty jsou otev\u0159ena pouze t\u0159i horn\u00ed patra, do kter\u00fdch se sestupuje do hloubky 130 metr\u016f po mohutn\u00e9m d\u0159ev\u011bn\u00e9m schodi\u0161ti. V dole uvid\u00edte spousty \u00fa\u017easn\u00fdch chodeb, soch, s\u00e1l\u016f a kapl\u00ed vytesan\u00fdch horn\u00edky v soli. Tak\u00e9 je zde nast\u00edn\u011bn zp\u016fsob dob\u00fdv\u00e1n\u00ed soli a \u017eivot d\u011bln\u00edk\u016f, kte\u0159\u00ed zde pracovali v t\u011b\u017ek\u00fdch podm\u00ednk\u00e1ch ve dvou pracovn\u00edch sm\u011bn\u00e1ch. Prohl\u00eddka je s pr\u016fvodcem v \u010desk\u00e9m jazyce a trv\u00e1 p\u0159ibli\u017en\u011b dv\u011b hodiny. Po jej\u00edm absolvov\u00e1n\u00ed se m\u016f\u017eete za odm\u011bnu vyv\u00e9zt na povrch p\u016fvodn\u00edm d\u016fln\u00edm v\u00fdtahem. D\u016fl je za\u0159azen na seznam Sv\u011btov\u00e9ho d\u011bdictv\u00ed UNESCO. Denn\u011b nav\u0161t\u00edv\u00ed d\u016fl a\u017e 8000 turist\u016f, proto je pot\u0159eba si vstupenky, jejich\u017e cena se pohybuje okolo 600 k\u010d, objednat s dostate\u010dn\u00fdm p\u0159edstihem.    Kr\u00e1lovsk\u00e9 m\u011bsto Krakow   Je metropole v ji\u017en\u00edm Polsku, kde \u017eije necel\u00fdch 800 000 obyvatel. M\u011bsto je zn\u00e1m\u00e9 sv\u00fdm typick\u00fdch \u0161achovnicov\u00fdm uspo\u0159\u00e1d\u00e1n\u00edm ulic. M\u011bsto bylo v minulosti centrem kr\u00e1lovstv\u00ed a rezidenc\u00ed polsk\u00fdch kr\u00e1l\u016f a tak\u00e9 m\u00edstem jejich posledn\u00edho odpo\u010dinku. Po celou dobu existence tohoto kr\u00e1sn\u00e9ho m\u011bsta zde doch\u00e1zelo ke korunovaci polsk\u00fdch kr\u00e1l\u016f, kter\u00e1 se konala v kapli katedr\u00e1ly na hrad\u011b Wawel, kter\u00fd se ty\u010d\u00ed na n\u00e1vr\u0161\u00ed na b\u0159ehu \u0159eky Wisly a je tak dominantou cel\u00e9ho m\u011bsta. Je zde spousta dal\u0161\u00edch historick\u00fdch pam\u00e1tek jako nap\u0159\u00edklad s\u00eddlo starobyl\u00e9 univerzity, arcibiskupstv\u00ed a velk\u00e9 mno\u017estv\u00ed kostel\u016f. Nach\u00e1z\u00ed se zde tak\u00e9 jedno z nejv\u011bt\u0161\u00edch n\u00e1m\u011bst\u00ed v Evrop\u011b, kde budete m\u00edt p\u0159\u00edle\u017eitost ochutnat polsk\u00e9 speciality a ji\u017e d\u0159\u00edve zmi\u0148ovan\u00fd v\u00fdborn\u00fd v\u00e1no\u010dn\u00ed sva\u0159\u00e1k. N\u00e1zev m\u011bsta je odvozen od jm\u00e9na zakladatele m\u011bsta kn\u00ed\u017eete Kraka. Historick\u00e9 j\u00e1dro m\u011bsta je stejn\u011b jako Wieliczka zaps\u00e1no na seznamu Sv\u011btov\u00e9ho d\u011bdictv\u00ed UNESCO.   Jeliko\u017e se m\u00edsta nach\u00e1z\u00ed v bl\u00edzkosti \u010desk\u00fdch hranic a jedn\u00e1 se o p\u0159ekr\u00e1sn\u00e9 pam\u00e1tky s unik\u00e1tn\u00ed historickou hodnotou, nezb\u00fdv\u00e1 n\u00e1m, ne\u017e v\u00e1m tyto pam\u00e1tky doporu\u010dit k n\u00e1v\u0161t\u011bv\u011b a vychutnat si adventn\u00ed pohodu.                                                                                                                                                                                                                                                                                                                                                                                         4\/5 - (12 votes)        "},{"@context":"https:\/\/schema.org\/","@type":"BreadcrumbList","itemListElement":[{"@type":"ListItem","position":1,"name":"Adventn\u00ed z\u00e1jezd do Polska","item":"https:\/\/www.labo-net.cz\/adventni-zajezd-do-polska\/#breadcrumbitem"}]}]