[{"@context":"https:\/\/schema.org\/","@type":"Article","@id":"https:\/\/www.labo-net.cz\/jake-by-mel-mit-fotokoutek-pozadi\/#Article","mainEntityOfPage":"https:\/\/www.labo-net.cz\/jake-by-mel-mit-fotokoutek-pozadi\/","headline":"Jak\u00e9 by m\u011bl m\u00edt fotokoutek pozad\u00ed","name":"Jak\u00e9 by m\u011bl m\u00edt fotokoutek pozad\u00ed","description":"Kdo n\u011bkdy byl na setk\u00e1n\u00ed fanou\u0161k\u016f n\u011bjak\u00e9ho https:\/\/epso.europa.eu\/help\/faq\/2179_cs \u017e\u00e1nru, lidov\u011b zvan\u00e9ho conu, jako byl nap\u0159\u00edklad ComicCon Praha, kam byli pozv\u00e1ni i herci s mo\u017enost\u00ed nechat se s nimi vyfotit, v\u00ed, jak d\u016fle\u017eit\u00e9 je spr\u00e1vn\u00e9 pozad\u00ed. Pro\u010d by na n\u011bj m\u011bl b\u00fdt kladen takov\u00fd d\u016fraz? M\u00e1 to hned n\u011bkolik d\u016fvod\u016f.&#13; &#13; T\u00edm prvn\u00edm je, \u017ee dod\u00e1v\u00e1 [&hellip;]","datePublished":"2020-01-06","dateModified":"2023-06-09","author":{"@type":"Person","@id":"https:\/\/www.labo-net.cz\/author\/devene\/#Person","name":"devene","url":"https:\/\/www.labo-net.cz\/author\/devene\/","identifier":1,"image":{"@type":"ImageObject","@id":"https:\/\/secure.gravatar.com\/avatar\/418160ee289a2fec3674f670db35c39ff464fe73fac536520dac7def2cfdeb26?s=96&d=mm&r=g","url":"https:\/\/secure.gravatar.com\/avatar\/418160ee289a2fec3674f670db35c39ff464fe73fac536520dac7def2cfdeb26?s=96&d=mm&r=g","height":96,"width":96}},"publisher":{"@type":"Organization","name":"labo-net.cz","logo":{"@type":"ImageObject","@id":"\/logo.png","url":"\/logo.png","width":600,"height":60}},"image":{"@type":"ImageObject","@id":"https:\/\/www.labo-net.cz\/wp-content\/uploads\/img_a372627_w1723_t1584016376.jpg","url":"https:\/\/www.labo-net.cz\/wp-content\/uploads\/img_a372627_w1723_t1584016376.jpg","height":0,"width":0},"url":"https:\/\/www.labo-net.cz\/jake-by-mel-mit-fotokoutek-pozadi\/","about":["Zbo\u017e\u00ed"],"wordCount":440,"articleBody":"Kdo n\u011bkdy byl na setk\u00e1n\u00ed fanou\u0161k\u016f n\u011bjak\u00e9ho  https:\/\/epso.europa.eu\/help\/faq\/2179_cs \u017e\u00e1nru, lidov\u011b zvan\u00e9ho conu, jako byl nap\u0159\u00edklad ComicCon Praha, kam byli pozv\u00e1ni i herci s mo\u017enost\u00ed nechat se s nimi vyfotit, v\u00ed, jak d\u016fle\u017eit\u00e9 je spr\u00e1vn\u00e9 pozad\u00ed. Pro\u010d by na n\u011bj m\u011bl b\u00fdt kladen takov\u00fd d\u016fraz? M\u00e1 to hned n\u011bkolik d\u016fvod\u016f.&#13; &#13; T\u00edm prvn\u00edm je, \u017ee dod\u00e1v\u00e1 fotografii celkov\u00fd n\u00e1dech a pom\u00e1h\u00e1 dotv\u00e1\u0159et atmosf\u00e9ru. Pokud je nevhodn\u011b vybr\u00e1no, pak ani v\u00fdsledn\u00e1 fotografie nep\u016fsob\u00ed dobr\u00fdm dojmem. Nav\u00edc, pokud se to p\u0159e\u017eene, m\u016f\u017ee odv\u00e1d\u011bt pozornost od toho hlavn\u00edho, co\u017e jsou vyfocen\u00e9 postavy. A to rozhodn\u011b nen\u00ed dob\u0159e, nebo\u0165 lid\u00e9 za p\u0159\u00edle\u017eitost nechat se takto vyfotit plat\u00ed \u010dasto skute\u010dn\u011b velk\u00e9 pen\u00edze.&#13; &#13; Dal\u0161\u00edm probl\u00e9mem, kter\u00fd m\u016f\u017ee nastat, je ovlivn\u011bn\u00ed v\u00fdsledn\u00e9 fotky. \u0160patn\u011b zvolen\u00e9 m\u016f\u017ee toti\u017e osob\u00e1m dodat nep\u0159irozen\u00fd n\u00e1dech, i kdy\u017e zde bude na vin\u011b sp\u00ed\u0161 intenzita barvy a lesk ne\u017e to, jak\u00e9 je na n\u00ed t\u00e9ma.&#13; &#13; Pravdou je, \u017ee na v\u011bt\u0161in\u011b takov\u00fdchto akc\u00ed se m\u00e1 fotokoutek pozad\u00ed neutr\u00e1ln\u011b b\u00edl\u00e9 s n\u00e1dechem do \u0161eda, \u010di p\u0159\u00edmo \u0161ed\u00e9. Ne v\u017edy je to ale pravidlem. Nap\u0159\u00edklad na Festivalu Fantazie, po\u0159\u00e1dan\u00e9m ka\u017edoro\u010dn\u011b v Chot\u011bbo\u0159i, pou\u017e\u00edvaj\u00ed pl\u00e1tna tmav\u011b \u010derven\u00e9 \u010di oran\u017eov\u00e9 barvy. V\u00fdjimkou tak\u00e9 mohou b\u00fdt nap\u0159\u00edklad fotografie, u kter\u00fdch je ji\u017e p\u0159edem jasn\u011b dan\u00e9 t\u00e9ma. P\u0159\u00edkladem mohou b\u00fdt V\u00e1noce \u010di Velikonoce, kter\u00e9 maj\u00ed jasn\u011b dan\u00e9 dopl\u0148ky, kter\u00e9 se \u010dasto pou\u017e\u00edvaj\u00ed \u2013 u V\u00e1noc jsou na pozad\u00ed \u010dasto sn\u011bhov\u00e9 vlo\u010dky \u010di v\u00e1no\u010dn\u00ed stromek, u Velikonoc zase najdeme jarn\u00ed motivy.&#13; &#13; Zde v\u0161ak v\u00fd\u0161e uveden\u00e9 motivy nemaj\u00ed p\u016fsobit ru\u0161iv\u011b, a navzdory v\u00fd\u0161e \u0159e\u010den\u00e9mu tak\u00e9 nep\u016fsob\u00ed. Jejich \u00fakolem je s danou osobou splynout a vytvo\u0159it i n\u011bjak\u00fd p\u0159\u00edb\u011bh, a to i za pomoci nejr\u016fzn\u011bj\u0161\u00edch rekvizit, jako jsou s\u00e1n\u011b, \u010derven\u00e9 \u010depice s bambulkou, nabarven\u00e9 kraslice a dal\u0161\u00ed. Toto je popul\u00e1rn\u00ed p\u0159edev\u0161\u00edm u fotografi\u00ed d\u011bt\u00ed.&#13; &#13; Jak je vid\u011bt, ani tato problematika nen\u00ed jednoduch\u00e1. Je tedy dobr\u00e9 nechat ji sice na profesion\u00e1lech, ale je\u0161t\u011b p\u0159ed odchodem si pokud mo\u017eno zkontrolovat v\u00fdsledek, a pokud nejste spokojeni, po\u017eadovat je\u0161t\u011b jeden pokus. Koneckonc\u016f, jde o pam\u00e1tku na cel\u00fd \u017eivot.                                                                                                                                                                                                                                                                                                                                                                                        3.8\/5 - (12 votes)        "},{"@context":"https:\/\/schema.org\/","@type":"BreadcrumbList","itemListElement":[{"@type":"ListItem","position":1,"name":"Jak\u00e9 by m\u011bl m\u00edt fotokoutek pozad\u00ed","item":"https:\/\/www.labo-net.cz\/jake-by-mel-mit-fotokoutek-pozadi\/#breadcrumbitem"}]}]