[{"@context":"https:\/\/schema.org\/","@type":"Article","@id":"https:\/\/www.labo-net.cz\/mate-vestavene-skrine\/#Article","mainEntityOfPage":"https:\/\/www.labo-net.cz\/mate-vestavene-skrine\/","headline":"M\u00e1te vestav\u011bn\u00e9 sk\u0159\u00edn\u011b?","name":"M\u00e1te vestav\u011bn\u00e9 sk\u0159\u00edn\u011b?","description":"Jsem si jist\u00fd t\u00edm, \u017ee m\u00e1te doma n\u00e1bytek. Pokud se toti\u017e pr\u00e1v\u011b nest\u011bhujete do dosud neza\u0159\u00edzen\u00e9ho bytu, kdy tam logicky prozat\u00edm je\u0161t\u011b nic nen\u00ed, mus\u00ed tam aspo\u0148 minimum pot\u0159ebn\u00e9ho n\u00e1bytku b\u00fdt, aby se tam dal v\u00e9st norm\u00e1ln\u00ed \u017eivot. V takov\u00e9m byt\u011b nebo t\u0159eba dom\u011b n\u00e1m nesm\u00ed sch\u00e1zet aspo\u0148 n\u011bjak\u00fd st\u016fl, n\u011bco, na \u010dem by se [&hellip;]","datePublished":"2025-02-11","dateModified":"2025-02-11","author":{"@type":"Person","@id":"https:\/\/www.labo-net.cz\/author\/devene\/#Person","name":"devene","url":"https:\/\/www.labo-net.cz\/author\/devene\/","identifier":1,"image":{"@type":"ImageObject","@id":"https:\/\/secure.gravatar.com\/avatar\/418160ee289a2fec3674f670db35c39ff464fe73fac536520dac7def2cfdeb26?s=96&d=mm&r=g","url":"https:\/\/secure.gravatar.com\/avatar\/418160ee289a2fec3674f670db35c39ff464fe73fac536520dac7def2cfdeb26?s=96&d=mm&r=g","height":96,"width":96}},"publisher":{"@type":"Organization","name":"labo-net.cz","logo":{"@type":"ImageObject","@id":"\/logo.png","url":"\/logo.png","width":600,"height":60}},"image":{"@type":"ImageObject","@id":"https:\/\/www.labo-net.cz\/wp-content\/uploads\/ssssssssss_10_10_3.jpg","url":"https:\/\/www.labo-net.cz\/wp-content\/uploads\/ssssssssss_10_10_3.jpg","height":0,"width":0},"url":"https:\/\/www.labo-net.cz\/mate-vestavene-skrine\/","about":["Zbo\u017e\u00ed"],"wordCount":444,"articleBody":"        Jsem si jist\u00fd t\u00edm, \u017ee m\u00e1te doma n\u00e1bytek. Pokud se toti\u017e pr\u00e1v\u011b nest\u011bhujete do dosud neza\u0159\u00edzen\u00e9ho bytu, kdy tam logicky prozat\u00edm je\u0161t\u011b nic nen\u00ed, mus\u00ed tam aspo\u0148 minimum pot\u0159ebn\u00e9ho n\u00e1bytku b\u00fdt, aby se tam dal v\u00e9st norm\u00e1ln\u00ed \u017eivot. V takov\u00e9m byt\u011b nebo t\u0159eba dom\u011b n\u00e1m nesm\u00ed sch\u00e1zet aspo\u0148 n\u011bjak\u00fd st\u016fl, n\u011bco, na \u010dem by se dalo posed\u011bt, a postel, ve kter\u00e9 by se dalo sp\u00e1t, a pochopiteln\u011b se neobejdeme ani bez sk\u0159\u00edn\u011b, do kter\u00e9 bychom si pov\u011bsili a ulo\u017eili oble\u010den\u00ed a p\u0159\u00edpadn\u011b i dal\u0161\u00ed v\u011bci. Kdy\u017e se pak zastav\u00edm u sk\u0159\u00edn\u00ed, je jasn\u00e9, \u017ee tyto mohou b\u00fdt hodn\u011b r\u016fznorod\u00e9. My lid\u00e9 je pou\u017e\u00edv\u00e1me u\u017e celou v\u011b\u010dnost, a tak u\u017e tyto stihly proj\u00edt dlouh\u00fdm v\u00fdvojem a z\u00edskat nejr\u016fzn\u011bj\u0161\u00ed podoby. Tak\u017ee m\u00e1 n\u011bkdo z n\u00e1s sk\u0159\u00edn\u011b jako z dob na\u0161ich prarodi\u010d\u016f, zat\u00edmco jin\u00fd vlastn\u00ed to nejdokonalej\u0161\u00ed a nejmodern\u011bj\u0161\u00ed. A je logick\u00e9, \u010demu by se tu m\u011bla d\u00e1vat p\u0159ednost. Pokud nen\u00ed \u010dlov\u011bk milovn\u00edkem staro\u017eitn\u00e9ho n\u00e1bytku, m\u011bl by si po\u0159\u00eddit nejl\u00e9pe vestav\u011bn\u00e9 sk\u0159\u00edn\u011b Sten-skrine. Prost\u011b z toho jednoduch\u00e9ho d\u016fvodu, \u017ee na t\u011bch je v\u0161echno nejdokonalej\u0161\u00ed, jak to jenom jde. Takov\u00e9 sk\u0159\u00edn\u011b si nech\u00e1v\u00e1me my lid\u00e9 d\u011blat na m\u00edru, tak\u017ee si tu vyb\u00edr\u00e1me materi\u00e1l, barvu a velikost podle toho, jak to pot\u0159ebujeme. A co chceme, to tak\u00e9 dostaneme, proto\u017ee jsou takov\u00e9 sk\u0159\u00edn\u011b dod\u00e1v\u00e1ny v\u00fdrobci, na kter\u00e9 je naprost\u00e9 spolehnut\u00ed.A nejen to. Kdy\u017e se pro vestav\u011bn\u00e9 sk\u0159\u00edn\u011b rozhodneme, m\u016f\u017eeme si je p\u0159edem prohl\u00e9dnout, ba m\u016f\u017eeme m\u00edt i trojrozm\u011brn\u00fd model toho, co si tu kupujeme, a tak se p\u0159\u00edpadn\u00e9 nedostatky odstran\u00ed u\u017e v samotn\u00e9m z\u00e1rodku. A to, co si pak koup\u00edme, odpov\u00edd\u00e1 ve v\u0161ech parametrech tomu, po \u010dem tou\u017e\u00edme. A to je dobr\u00e1 nab\u00eddka, nemysl\u00edte? Zn\u00e1te snad n\u011bco lep\u0161\u00edho? Mysl\u00edm si, \u017ee ne. U takov\u00fdch vestav\u011bn\u00fdch sk\u0159\u00edn\u00ed nehroz\u00ed, \u017ee by se v\u00e1m n\u011bkam neve\u0161ly nebo by kolem nich zb\u00fdval ne\u017e\u00e1douc\u00ed voln\u00fd prostor, nen\u00ed t\u0159eba se b\u00e1t, \u017ee by se n\u00e1m nakonec nezamlouvala barva, kvalita materi\u00e1lu nebo n\u011bco jin\u00e9ho. Takov\u00e9 sk\u0159\u00edn\u011b jsou p\u0159esn\u011b t\u00edm, co chceme m\u00edt.                                                                                                                                                                                                                                                                                                                                                                                          4.2\/5 - (9 votes)        "},{"@context":"https:\/\/schema.org\/","@type":"BreadcrumbList","itemListElement":[{"@type":"ListItem","position":1,"name":"M\u00e1te vestav\u011bn\u00e9 sk\u0159\u00edn\u011b?","item":"https:\/\/www.labo-net.cz\/mate-vestavene-skrine\/#breadcrumbitem"}]}]