[{"@context":"https:\/\/schema.org\/","@type":"Article","@id":"https:\/\/www.labo-net.cz\/na-dovolenou-sama\/#Article","mainEntityOfPage":"https:\/\/www.labo-net.cz\/na-dovolenou-sama\/","headline":"Na dovolenou sama","name":"Na dovolenou sama","description":"V\u017edycky jsem tou\u017eila jet n\u011bkam na n\u011bjakou p\u011bknou luxusn\u00ed dovolenou, proto\u017ee jsem za posledn\u00edch osm let v\u016fbec nikde nebyla. A \u0159\u00edkala jsem si, \u017ee u\u017e kone\u010dn\u011b nastal ten \u010das, \u017ee bych si u\u017eila po\u0159\u00e1dnou dovolenou.\u00a0 A vy se asi pt\u00e1te, s k\u00fdm bych na tu velkou dlouhou dovolenou jela. A j\u00e1 bych tam cht\u011bla jet [&hellip;]","datePublished":"2022-04-17","dateModified":"2023-06-09","author":{"@type":"Person","@id":"https:\/\/www.labo-net.cz\/author\/devene\/#Person","name":"devene","url":"https:\/\/www.labo-net.cz\/author\/devene\/","identifier":1,"image":{"@type":"ImageObject","@id":"https:\/\/secure.gravatar.com\/avatar\/418160ee289a2fec3674f670db35c39ff464fe73fac536520dac7def2cfdeb26?s=96&d=mm&r=g","url":"https:\/\/secure.gravatar.com\/avatar\/418160ee289a2fec3674f670db35c39ff464fe73fac536520dac7def2cfdeb26?s=96&d=mm&r=g","height":96,"width":96}},"publisher":{"@type":"Organization","name":"labo-net.cz","logo":{"@type":"ImageObject","@id":"\/logo.png","url":"\/logo.png","width":600,"height":60}},"image":{"@type":"ImageObject","@id":"https:\/\/www.labo-net.cz\/wp-content\/uploads\/woman-5051835_640_1.jpg","url":"https:\/\/www.labo-net.cz\/wp-content\/uploads\/woman-5051835_640_1.jpg","height":0,"width":0},"url":"https:\/\/www.labo-net.cz\/na-dovolenou-sama\/","about":["Dovolen\u00e1"],"wordCount":423,"articleBody":"V\u017edycky jsem tou\u017eila jet n\u011bkam na n\u011bjakou p\u011bknou luxusn\u00ed dovolenou, proto\u017ee jsem za posledn\u00edch osm let v\u016fbec nikde nebyla. A \u0159\u00edkala jsem si, \u017ee u\u017e kone\u010dn\u011b nastal ten \u010das, \u017ee bych si u\u017eila po\u0159\u00e1dnou dovolenou.\u00a0 A vy se asi pt\u00e1te, s k\u00fdm bych na tu velkou dlouhou dovolenou jela. A j\u00e1 bych tam cht\u011bla jet \u00fapln\u011b sama. Mo\u017en\u00e1 jsem v\u00e1m t\u00edm vzala v\u00edtr z plachet, ale v\u011b\u0159te mi, \u017ee j\u00e1 si chci \u00fapln\u011b odpo\u010dinout a vy\u010distit si hlavu. A chci si u\u017e\u00edt velkou dovolenou sama pro sebe. V\u017edy\u0165 co je na tom tak \u0161patn\u00e9ho, kdy\u017e si \u010dlov\u011bk chce u\u017e\u00edt dovolenou s\u00e1m? Podle m\u00e9ho n\u00e1zoru to v\u016fbec nen\u00ed \u0161patn\u00e9. Proto\u017ee n\u011bkdo odpo\u010d\u00edv\u00e1 tak, \u017ee je rad\u011bji n\u011bkde s\u00e1m. Tak pro\u010d bych nespojila p\u0159\u00edjemn\u00e9 s u\u017eite\u010dn\u00fdm? Taky st\u00e1le trp\u00edm docela stresem, proto\u017ee v pr\u00e1ci toho m\u00e1me posledn\u00ed dobou st\u00e1le v\u00edce. Tak\u00e9 jsem u\u017e kolikr\u00e1t byla na p\u0159es\u010dasech, kter\u00e9 mi ned\u011blaj\u00ed v\u016fbec dob\u0159e.Kv\u016fli tomu, \u017ee chod\u00edm pozd\u011b z pr\u00e1ce, se taky h\u00e1d\u00e1me velmi \u010dasto s p\u0159\u00edtelem, a to m\u011b hodn\u011b vad\u00ed a mrz\u00ed m\u011b to. Tak\u017ee jsem si \u0159ekla, \u017ee bych pot\u0159ebovala alespo\u0148 na t\u00fdden n\u011bkam vypadnout. Tak jsem si \u0159ekla, \u017ee bych mohla na n\u011bjak\u00fd perfektn\u00ed tepl\u00fd ostrov. J\u00e1 jsem si usmyslela, \u017ee pojedu n\u011bkam do \u0158ecka, kde si odpo\u010dinu. A pro\u010dist\u00edm si u\u017e kone\u010dn\u011b hlavu. Zmiz\u00ed stres a zmiz\u00ed v\u0161echny povinnosti. A j\u00e1 budu doufat, \u017ee se p\u0159\u00edtel neuraz\u00ed, \u017ee chci jet sama na dovolenou. Ale j\u00e1 opravdu nem\u00e1m nic proti, kdy\u017e potom t\u0159eba p\u00e1r dn\u00ed potom, a\u017e p\u0159ijedu, tak pojedeme s p\u0159\u00edtelem n\u011bkam na dovolenou taky. J\u00e1 si mysl\u00edm, \u017ee dovolen\u00e9 nen\u00ed nikdy dost. Proto\u017ee \u010dlov\u011bk se m\u00e1 starat p\u0159edev\u0161\u00edm s\u00e1m o sebe a pe\u010dovat o sv\u00e9 zdrav\u00ed. A kdy\u017e m\u011b k lep\u0161\u00edmu z v pom\u016f\u017ee dovolen\u00e1, tak pro\u010d ne? A nav\u00edc to nebude poprv\u00e9,\u00a0kdy\u00a0pojedu na dovolenou \u00fapln\u011b\u00a0sama. N\u011bkam na dovolen\u00e9\u00a0nebo\u00a0v\u00fdlety\u00a0jsme d\u0159\u00edve jezdila norm\u00e1ln\u011b sama, ale v\u0161e se zm\u011bnilo, kdy\u017e jsme si na\u0161la p\u0159\u00edtele. Ale pro\u010d to zase nezopakovat?                                                                                                                                                                                                                                                                                                                                                                                        4.2\/5 - (9 votes)        "},{"@context":"https:\/\/schema.org\/","@type":"BreadcrumbList","itemListElement":[{"@type":"ListItem","position":1,"name":"Na dovolenou sama","item":"https:\/\/www.labo-net.cz\/na-dovolenou-sama\/#breadcrumbitem"}]}]