[{"@context":"https:\/\/schema.org\/","@type":"Article","@id":"https:\/\/www.labo-net.cz\/uprchlicka-krize-reseni-v-nedohlednu\/#Article","mainEntityOfPage":"https:\/\/www.labo-net.cz\/uprchlicka-krize-reseni-v-nedohlednu\/","headline":"Uprchlick\u00e1 krize? \u0158e\u0161en\u00ed v nedohlednu!","name":"Uprchlick\u00e1 krize? \u0158e\u0161en\u00ed v nedohlednu!","description":"Situace v&nbsp;ute\u010deneck\u00fdch t\u00e1borech za\u010d\u00ednaj\u00ed b\u00fdt ne\u00fanosn\u00e9. Kapacity jsou ji\u017e d\u00e1vno p\u0159ekro\u010deny a v&nbsp;m\u00edst\u011b ur\u010den\u00e9m pro t\u0159i tis\u00edce imigrant\u016f se mnohdy t\u00edsn\u00ed \u0161estin\u00e1sobn\u011b v\u00edce lid\u00ed. Um\u00edte si takovou situaci v\u016fbec p\u0159edstavit? T\u0159icet sprch pro t\u00e9m\u011b\u0159 devaten\u00e1ct tis\u00edc obyvatel t\u00e1bora. Pokud se chcete osprchovat mus\u00edte si ov\u0161em na svou dvouminutovou sprchu nejprve vyst\u00e1t t\u0159i hodiny ve front\u011b. [&hellip;]","datePublished":"2020-01-08","dateModified":"2023-06-09","author":{"@type":"Person","@id":"https:\/\/www.labo-net.cz\/author\/devene\/#Person","name":"devene","url":"https:\/\/www.labo-net.cz\/author\/devene\/","identifier":1,"image":{"@type":"ImageObject","@id":"https:\/\/secure.gravatar.com\/avatar\/418160ee289a2fec3674f670db35c39ff464fe73fac536520dac7def2cfdeb26?s=96&d=mm&r=g","url":"https:\/\/secure.gravatar.com\/avatar\/418160ee289a2fec3674f670db35c39ff464fe73fac536520dac7def2cfdeb26?s=96&d=mm&r=g","height":96,"width":96}},"publisher":{"@type":"Organization","name":"labo-net.cz","logo":{"@type":"ImageObject","@id":"\/logo.png","url":"\/logo.png","width":600,"height":60}},"image":{"@type":"ImageObject","@id":"https:\/\/www.labo-net.cz\/wp-content\/uploads\/img_a367627_w4260_t1580120528.jpg","url":"https:\/\/www.labo-net.cz\/wp-content\/uploads\/img_a367627_w4260_t1580120528.jpg","height":0,"width":0},"url":"https:\/\/www.labo-net.cz\/uprchlicka-krize-reseni-v-nedohlednu\/","about":["Spole\u010dnost"],"wordCount":470,"articleBody":"\tSituace v&nbsp;ute\u010deneck\u00fdch t\u00e1borech za\u010d\u00ednaj\u00ed b\u00fdt ne\u00fanosn\u00e9. Kapacity jsou ji\u017e d\u00e1vno p\u0159ekro\u010deny a v&nbsp;m\u00edst\u011b ur\u010den\u00e9m pro t\u0159i tis\u00edce imigrant\u016f se mnohdy t\u00edsn\u00ed \u0161estin\u00e1sobn\u011b v\u00edce lid\u00ed. Um\u00edte si takovou situaci v\u016fbec p\u0159edstavit? T\u0159icet sprch pro t\u00e9m\u011b\u0159 devaten\u00e1ct tis\u00edc obyvatel t\u00e1bora. Pokud se chcete osprchovat mus\u00edte si ov\u0161em na svou dvouminutovou sprchu nejprve vyst\u00e1t t\u0159i hodiny ve front\u011b.\t\tUte\u010denci \u010dasto okupuj\u00ed nejen samotn\u00e9 t\u00e1bory, ale pro nedostatek kapacity i p\u0159ilehl\u00e9 oblasti. V&nbsp;okol\u00ed je pak nutn\u00e9 vyk\u00e1cet stromy, aby vznikl nov\u00fd prostor pro stany a m\u00edsta jako nap\u0159. olivov\u00fd h\u00e1j pak nen\u00e1vratn\u011b zmiz\u00ed. Mnoho\u010detn\u00e9 rodiny ob\u00fdvaj\u00ed mal\u00e9 stany, \u010dasto se mus\u00ed ve span\u00ed st\u0159\u00eddat. N\u011bkdo sp\u00ed ve dne, jin\u00ed v&nbsp;noci, proto\u017ee m\u00edsta je nedostatek. V&nbsp;t\u00e1borech se nach\u00e1z\u00ed obrovsk\u00e9 mno\u017estv\u00ed mal\u00fdch d\u011bt\u00ed a spousta z&nbsp;nich je dokonce bez doprovodu.\tDobrovoln\u00edci vypom\u00e1haj\u00ed pravideln\u011b v t\u011bchto oblastech a mezi nimi samoz\u0159ejm\u011b i l\u00e9ka\u0159i, kte\u0159\u00ed sem jezd\u00ed pravideln\u011b pracovat z&nbsp;cel\u00e9ho sv\u011bta a n\u011bkte\u0159\u00ed i na svoje n\u00e1klady. P\u0159esto, \u017ee l\u00e9ka\u0159sk\u00e1 p\u00e9\u010de t\u011bmto lidem poskytnuta je, \u010dasto pr\u00e1v\u011b z&nbsp;nedostatku n\u00e1sledn\u00e9 hygienick\u00e9 p\u00e9\u010de nelze pacienty vyl\u00e9\u010dit. L\u00e9ka\u0159i se zde setk\u00e1vaj\u00ed s&nbsp;r\u016fzn\u00fdmi lidsk\u00fdmi osudy. \u010casto s velmi zoufal\u00fdmi a ne\u0159e\u0161iteln\u00fdmi probl\u00e9my. Matky p\u0159ivedou sv\u00e9 d\u011bti tak opruzen\u00e9, \u017ee ani nen\u00ed jasn\u00e9, zda se to d\u00e1 je\u0161t\u011b l\u00e9\u010dit. P\u0159\u00edpadn\u011b na n\u00e1slednou p\u00e9\u010di nejsou v&nbsp;t\u00e1borech podm\u00ednky. Mus\u00ed se rozhodnout, zda d\u00edt\u011bti poskytnou alespo\u0148 z\u00e1kladn\u00ed hygienickou p\u00e9\u010di ve studen\u00e9 vod\u011b s&nbsp;rizikem, \u017ee pak mo\u017en\u00e1 nebudou schopni d\u00edt\u011b zah\u0159\u00e1t, nebo zvolit druhou variantu, hygienu vynechat a rad\u011bji udr\u017eet d\u00edt\u011b v&nbsp;teple. Mlad\u00ed lid\u00e9 naka\u017eeni svrabem, kter\u00fd se bez pravideln\u00e9 a d\u016fkladn\u00e9 hygieny tak\u00e9 vyl\u00e9\u010dit ned\u00e1.\t\tVzr\u016fst\u00e1 kriminalita, \u017eeny se ob\u00e1vaj\u00ed sexu\u00e1ln\u00edho obt\u011b\u017eov\u00e1n\u00ed nebo dokonce zn\u00e1siln\u011bn\u00ed. Jsou nuceny pou\u017e\u00edvat na noc pleny, aby nemusely opustit stan.\tSpousta z&nbsp;nich si ve sv\u00e9 zemi nebo na cest\u011b do Evropy museli vytrp\u011bt hodn\u011b a tyto okam\u017eiky vid\u00ed st\u00e1le p\u0159ed o\u010dima. V&nbsp;t\u00e1borech jsou ji\u017e m\u011bs\u00edce, n\u011bkte\u0159\u00ed dokonce roky bez kontaktu se zbytkem rodiny a vidina sv\u011btl\u00fdch z\u00edt\u0159k\u016f v&nbsp;nedohlednu. Jak dlouho je takov\u00e1 situace v\u016fbec udr\u017eiteln\u00e1?&nbsp;                                                                                                                                                                                                                                                                                                                                                                                        3.9\/5 - (10 votes)        "},{"@context":"https:\/\/schema.org\/","@type":"BreadcrumbList","itemListElement":[{"@type":"ListItem","position":1,"name":"Uprchlick\u00e1 krize? \u0158e\u0161en\u00ed v nedohlednu!","item":"https:\/\/www.labo-net.cz\/uprchlicka-krize-reseni-v-nedohlednu\/#breadcrumbitem"}]}]